[{"@context":"https:\/\/schema.org\/","@type":"Article","@id":"https:\/\/pbag.cz\/stylova-okna\/#Article","mainEntityOfPage":"https:\/\/pbag.cz\/stylova-okna\/","headline":"Stylov\u00e1 okna","name":"Stylov\u00e1 okna","description":"N\u011bkdy se zd\u00e1, kdy\u017e n\u011bco kupujete, \u017ee je to m\u016f\u017ee b\u00fdt \u00fapln\u011b jednoduch\u00e9, ale ve v\u011bt\u0161in\u011b p\u0159\u00edpad\u016f to nemus\u00ed b\u00fdt \u00fapln\u011b pravda. N\u011bkdy je to velice n\u00e1ro\u010dn\u00e9. A proto si mysl\u00edm, \u017ee kdy\u017e chcete kupovat, nap\u0159\u00edklad n\u011bjakou v\u00fdbavu dom\u016f nebo n\u011bco zm\u011bnit, tak by bylo skv\u011bl\u00e9, kdybyste si t\u0159eba na\u0161li n\u011bjak\u00e9ho architekta nebo n\u011bkoho, kdo [&hellip;]","datePublished":"2026-02-13","dateModified":"2026-02-13","author":{"@type":"Person","@id":"https:\/\/pbag.cz\/author\/#Person","name":"","url":"https:\/\/pbag.cz\/author\/","identifier":1,"image":{"@type":"ImageObject","@id":"https:\/\/secure.gravatar.com\/avatar\/2d2e3fdaba6370eba756fb4048c695326686ff29010a0df4d58b27c20544521d?s=96&d=mm&r=g","url":"https:\/\/secure.gravatar.com\/avatar\/2d2e3fdaba6370eba756fb4048c695326686ff29010a0df4d58b27c20544521d?s=96&d=mm&r=g","height":96,"width":96}},"publisher":{"@type":"Organization","name":"pbag.cz","logo":{"@type":"ImageObject","@id":"\/logo.png","url":"\/logo.png","width":600,"height":60}},"image":{"@type":"ImageObject","@id":"https:\/\/pbag.cz\/wp-content\/uploads\/adinavoicu-window-3774505_640.jpg","url":"https:\/\/pbag.cz\/wp-content\/uploads\/adinavoicu-window-3774505_640.jpg","height":0,"width":0},"url":"https:\/\/pbag.cz\/stylova-okna\/","wordCount":417,"articleBody":"        N\u011bkdy se zd\u00e1, kdy\u017e n\u011bco kupujete, \u017ee je to m\u016f\u017ee b\u00fdt \u00fapln\u011b jednoduch\u00e9, ale ve v\u011bt\u0161in\u011b p\u0159\u00edpad\u016f to nemus\u00ed b\u00fdt \u00fapln\u011b pravda. N\u011bkdy je to velice n\u00e1ro\u010dn\u00e9. A proto si mysl\u00edm, \u017ee kdy\u017e chcete kupovat, nap\u0159\u00edklad n\u011bjakou v\u00fdbavu dom\u016f nebo n\u011bco zm\u011bnit, tak by bylo skv\u011bl\u00e9, kdybyste si t\u0159eba na\u0161li n\u011bjak\u00e9ho architekta nebo n\u011bkoho, kdo tomu rozum\u00ed, a to nap\u0159\u00edklad i pokud budete kupovat nov\u00e1 okna a nov\u00e9 dve\u0159e, i to je velice d\u016fle\u017eit\u00e9. Proto jsem si \u0159ekla, \u017ee nejlep\u0161\u00ed by bylo, kdybyste se po\u0159\u00e1dn\u011b rozhodli, co vlastn\u011b chcete nebo co si chcete po\u0159\u00eddit. Nebo jak\u00fd tvar a styl oken budete cht\u00edt.A tak\u00e9, aby to byl takov\u00fd materi\u00e1l, kter\u00fd pot\u0159ebujete. A pokud t\u0159eba nev\u00edte, jak\u00fd materi\u00e1l si po\u0159\u00eddit, tak bych se tak\u00e9 ze za\u010d\u00e1tku pod\u00edvala, z jak\u00e9ho materi\u00e1lu m\u00e1m t\u0159eba interi\u00e9r? Nebo exteri\u00e9r nebo jestli m\u00e1m je\u0161t\u011b n\u011bjak\u00e1 okna \u010di dve\u0159e z n\u011bjak\u00e9ho materi\u00e1lu. Tak, aby to hlavn\u011b v\u0161echno k sob\u011b kr\u00e1sn\u011b ladilo. Samoz\u0159ejm\u011b, \u017ee n\u011bkomu to je t\u0159eba \u00fapln\u011b fuk, n\u011bkomu v\u016fbec nez\u00e1le\u017e\u00ed na tom, aby to bylo n\u011bjak\u00e9 \u00fapln\u011b origin\u00e1ln\u00ed, aby to v\u0161ude ladilo a tak d\u00e1le. My ale m\u00e1me d\u0159ev\u011bn\u00e1 okna a p\u0159\u00edtel st\u00e1le cht\u011bl vym\u011bnit d\u0159ev\u011bn\u00e1 okna za plastov\u00e1 okna, \u0159ekla jsem, \u017ee by mi to nevadilo, ale \u017ee bych je\u0161t\u011b po\u010dkala, proto\u017ee na\u0161e star\u00e1 okna je\u0161t\u011b docela funguj\u00ed, ale nakonec jsme se rozhodli, \u017ee si po\u0159\u00edd\u00edme opravdu nov\u00e1 okna. Rozhodli jsme se tedy pro plastov\u00e1 okna. Rodi\u010de sice maj\u00ed d\u0159ev\u011bn\u00e1 okna a \u0159\u00edkali, \u017ee se d\u0159ev\u011bn\u00fdmi okny jsou opravdu maxim\u00e1ln\u011b spokojeni, \u017ee jsou nejlep\u0161\u00ed, ale my zase \u0159\u00edk\u00e1me, \u017ee plastov\u00e1 okna mohou b\u00fdt tak\u00e9 dobr\u00e1, tak jsme si \u0159ekli, \u017ee si po\u0159\u00edd\u00edme takov\u00e1 okna, kter\u00e1 n\u00e1m budou nejv\u00edce vyhovovat a kter\u00e9 n\u00e1m tak\u00e9 doporu\u010d\u00ed odborn\u00edk anebo tak\u00e9 architekt. Okna z Pardubic jsou opravdu hodn\u011b kvalitn\u00ed a \u0159eknu v\u00e1m, \u017ee i my uva\u017eujeme, \u017ee se zajedeme do Pardubic, abychom se tam vybrali opravdu kr\u00e1sn\u00e1 okna a pop\u0159em\u00fd\u0161l\u00edme je\u0161t\u011b o dve\u0159\u00edch.                                                                                                                                                                                                                                                                                                                                                                                                   "},{"@context":"https:\/\/schema.org\/","@type":"BreadcrumbList","itemListElement":[{"@type":"ListItem","position":1,"name":"Stylov\u00e1 okna","item":"https:\/\/pbag.cz\/stylova-okna\/#breadcrumbitem"}]}]